{"id":27408,"date":"2021-04-16T10:38:20","date_gmt":"2021-04-16T08:38:20","guid":{"rendered":"https:\/\/www.sen-shop.com\/blogs\/kako-se-prirodnim-putem-zastititi-od-usiju\/"},"modified":"2021-10-29T14:35:00","modified_gmt":"2021-10-29T12:35:00","slug":"kako-se-prirodnim-putem-zastititi-od-usiju","status":"publish","type":"post","link":"https:\/\/sen-shop.com\/hr\/blogs\/kako-se-prirodnim-putem-zastititi-od-usiju\/","title":{"rendered":"Kako se prirodnim putem za\u0161tititi od u\u0161iju?"},"content":{"rendered":"<p>[vc_row][vc_column][vc_column_text]<\/p>\n<h3>Rje\u0161enje je definitivno eteri\u010dno ulje \u010dajevca i eteri\u010dno ulje lavande.<\/h3>\n<p><strong>U\u0161i<\/strong> su insekti s <strong>prozirnim tijelom<\/strong>, veli\u010dine 3-4 mm, bez krila. U slu\u010daju, da se hrane krvlju, tijelo im dobija <strong>crvenu boju<\/strong>. Ono \u0161to je va\u017eno za roditelje je da ovi insekti ne izazivaju bolest, nego izazivaju<strong> neugodnu svrbe\u017e vlasi\u0161ta<\/strong>. Naj\u010de\u0161\u0107e se nalaze u <strong>podru\u010dju \u010dela, iza u\u0161iju<\/strong> i <strong>na vratu<\/strong>. \u0160ire se vrlo brzo iz razloga jer \u017eenka izle\u017ee oko <strong>8 ovalnih gnjida svake ve\u010deri<\/strong>, zalijepi ih \u200b\u200bna po\u010detku dlake iz kojih \u0107e se nakon <strong>7 do 9 dana razviti mlada u\u0161<\/strong> koja spolno sazrije nakon <strong>7 do 10 dana.<\/strong>\u00a0 \u017divotni vijek u\u0161i je <strong>6 do 8 tjedana<\/strong>; za to vrijeme \u017eenka mo\u017ee polo\u017eiti od<strong> 100 do 300 jaja\u0161aca<\/strong>. Prijenos u\u0161iju i gnjida se mo\u017ee <strong>desiti upotrebom \u010de\u0161lja, \u010detke, kacige, posteljine<\/strong> i drugim raznim stvarima. Neka vam za\u0161tita od u\u0161iju bude bitan faktor!<\/p>\n<div id=\"attachment_37225\" style=\"width: 287px\" class=\"wp-caption alignright\"><a href=\"https:\/\/sen-shop.com\/hr\/collections\/osobna-njega-cat\/njega-kose\/bio-sampon-za-njegu-kose\/\"><img loading=\"lazy\" decoding=\"async\" aria-describedby=\"caption-attachment-37225\" class=\"wp-image-37225\" src=\"https:\/\/sen-shop.com\/wp-content\/uploads\/2016\/09\/Sampon_sl_hr-263x300.jpg\" alt=\"\u0160ampon\" width=\"277\" height=\"316\" srcset=\"https:\/\/sen-shop.com\/wp-content\/uploads\/2016\/09\/Sampon_sl_hr-263x300.jpg 263w, https:\/\/sen-shop.com\/wp-content\/uploads\/2016\/09\/Sampon_sl_hr-570x651.jpg 570w, https:\/\/sen-shop.com\/wp-content\/uploads\/2016\/09\/Sampon_sl_hr-896x1024.jpg 896w, https:\/\/sen-shop.com\/wp-content\/uploads\/2016\/09\/Sampon_sl_hr-768x878.jpg 768w, https:\/\/sen-shop.com\/wp-content\/uploads\/2016\/09\/Sampon_sl_hr-44x50.jpg 44w, https:\/\/sen-shop.com\/wp-content\/uploads\/2016\/09\/Sampon_sl_hr-53x60.jpg 53w, https:\/\/sen-shop.com\/wp-content\/uploads\/2016\/09\/Sampon_sl_hr.jpg 1225w\" sizes=\"auto, (max-width: 277px) 100vw, 277px\" \/><\/a><p id=\"caption-attachment-37225\" class=\"wp-caption-text\">\u0160ampon<\/p><\/div>\n<h4>U\u0161i mo\u017eemo sprije\u010diti i preventivno:<\/h4>\n<p>\ud83c\udf3f izbje\u0107i razmjenu <strong>\u010detkica, \u010de\u0161lja, odje\u0107e<\/strong> i <strong>posteljine;<\/strong><br \/>\n\ud83c\udf3f\u00a0da djevojke s dugom kosom imaju<strong> pletenicu<\/strong><br \/>\n\ud83c\udf3f\u00a0da se djeci koja poha\u0111aju \u0161kolu ili vrti\u0107 <strong>svakodnevno pregledava i \u010de\u0161lja vlasi\u0161te.<\/strong><\/p>\n<p><strong>Vlasi\u0161te djece svakodnevno pregledavajte!<\/strong><\/p>\n<p>&nbsp;<\/p>\n<h3><\/h3>\n<h3><strong>Za\u0161tita od u\u0161iju<\/strong><\/h3>\n<h4><strong>Rje\u0161enje za u\u0161i i gnjide:<\/strong><\/h4>\n<p>Budu\u0107i da <strong>u\u0161i ne podnose miris \u010dajevca i lavande<\/strong>, predstavljamo vam na\u0161 <strong>100% prirodni \u0161ampon<\/strong> koji sadr\u017ei <strong>100% prirodno eteri\u010dno ulje \u010dajevca<\/strong> i <strong>esencijalno ulje lavande<\/strong>. Za 100% za\u0161titu kupite<a href=\"https:\/\/www.sen.hr\/collections\/osobna-njega-cat\/djeca\/sampon-za-usi\/\"><strong> komplet za za\u0161titu od u\u0161iju<\/strong><\/a><strong>!<\/strong><\/p>\n<p><img loading=\"lazy\" decoding=\"async\" class=\"aligncenter wp-image-39257 size-full\" src=\"https:\/\/sen-shop.com\/wp-content\/uploads\/2021\/04\/sampon-za-usi-sen-shop-usi-d-1.png\" alt=\"\" width=\"1200\" height=\"600\" srcset=\"https:\/\/sen-shop.com\/wp-content\/uploads\/2021\/04\/sampon-za-usi-sen-shop-usi-d-1.png 1200w, https:\/\/sen-shop.com\/wp-content\/uploads\/2021\/04\/sampon-za-usi-sen-shop-usi-d-1-570x285.png 570w, https:\/\/sen-shop.com\/wp-content\/uploads\/2021\/04\/sampon-za-usi-sen-shop-usi-d-1-300x150.png 300w, https:\/\/sen-shop.com\/wp-content\/uploads\/2021\/04\/sampon-za-usi-sen-shop-usi-d-1-1024x512.png 1024w, https:\/\/sen-shop.com\/wp-content\/uploads\/2021\/04\/sampon-za-usi-sen-shop-usi-d-1-768x384.png 768w, https:\/\/sen-shop.com\/wp-content\/uploads\/2021\/04\/sampon-za-usi-sen-shop-usi-d-1-100x50.png 100w, https:\/\/sen-shop.com\/wp-content\/uploads\/2021\/04\/sampon-za-usi-sen-shop-usi-d-1-60x30.png 60w\" sizes=\"auto, (max-width: 1200px) 100vw, 1200px\" \/><\/p>\n<p>Prirodni \u0161ampon sadr\u017ei izuzetno blagi deterd\u017eent prirodnog podrijetla &#8211; napravljen od <strong>kukuruznog i kokosovog ulja<\/strong> te dodana prirodna <strong>esencijalna ulja<\/strong>. Neka vam za\u0161tita od u\u0161iju bude bitan faktor u higijeni!<\/p>\n<p>Ne sadr\u017ei dodane parfeme, boje, parabene i petrokemiju.[\/vc_column_text][vc_btn title=&#8221;Kupnja&#8221; style=&#8221;3d&#8221; color=&#8221;green&#8221; size=&#8221;lg&#8221; align=&#8221;center&#8221; button_block=&#8221;true&#8221; link=&#8221;url:https%3A%2F%2Fwww.sen-shop.si%2Fhr%2Fcollections%2Fakcija-hr%2Fsampon-a-usi%2F|&#8221;][\/vc_column][\/vc_row][vc_row][vc_column][vc_column_text css=&#8221;.vc_custom_1570802297056{background-color: #d3d3d3 !important;}&#8221;]<\/p>\n<h3>Upotreba:<\/h3>\n<p>BIO \u0161ampon koristite kao klasi\u010dan \u0161ampon (<strong>\u0161ampon nanesite na vlasi\u0161te, pjenu\u00a0 isperite vodom<\/strong>). Tako\u0111er mo\u017eete dodati <strong>nekoliko kapi esencijalnog ulja \u010dajevca<\/strong> u \u0161ampon po potrebi.<\/p>\n<p>Prije ulaska u vrti\u0107<strong> 1 \u2013 2 kapi eteri\u010dnog ulja utrljajte oko bebinog vlasi\u0161ta<\/strong>.<\/p>\n<p>Upotreba \u0161ampona i esencijalnog ulja je sigurna i jednostavna.<\/p>\n<p>&nbsp;<\/p>\n<p>\u25b6\ufe0f <strong>Ako va\u0161e dijete ve\u0107 ima u\u0161i<\/strong>, nanesite optimalnu koli\u010dinu \u0161ampona u dlan i dodajte 5 kapi esencijalnog ulja \u010dajevca. Dodajte \u010dajevac u \u0161ampon, zatim nanesite \u0161ampon na kosu i ostavite da djeluje 2 minute. Nakon 2 minute isperite kosu. Pazite da smjesa ne do\u0111e u dodir s o\u010dima.<\/p>\n<p>\u25b6\ufe0f Ako u\u0161i ima odrasla osoba, potrebno je uzeti 15 kapljica esencijalnog ulja \u010dajevca sa optimalnom koli\u010dinom \u0161ampona..<br \/>\n[\/vc_column_text][\/vc_column][\/vc_row][vc_row][vc_column]<div class=\"woocommerce columns-3 \"><ul class=\"products columns-3\">\n<li class=\"product type-product post-27013 status-publish first instock product_cat-crni-petak product_cat-njega-kose product_cat-njega-nogu product_cat-njega-tijela product_cat-osobna-njega-cat product_cat-osobna-njega-hr product_tag-biljni product_tag-biljni-gel product_tag-misici-i-zglobovi product_tag-repelent product_tag-ulje-cajevca product_tag-zdravo has-post-thumbnail shipping-taxable purchasable product-type-simple\">\n\t<a href=\"?add-to-cart=27013\" data-quantity=\"1\" class=\"button wp-element-button product_type_simple add_to_cart_button ajax_add_to_cart\" data-product_id=\"27013\" data-product_sku=\"1002\" aria-label=\"Add &ldquo;BIO ulje \u010dajevca 30ml&rdquo; to your cart\" rel=\"nofollow\">Dodaj u ko\u0161aricu<\/a><\/li>\n<li class=\"product type-product post-27026 status-publish instock product_cat-crni-petak product_cat-njega-kose product_cat-osobna-njega-cat product_cat-osobna-njega-hr-2 product_cat-osobna-njega-hr product_tag-biljni product_tag-biljni-gel product_tag-misici-i-zglobovi product_tag-njega-kose product_tag-repelent product_tag-ulje-cajevca product_tag-zdravo has-post-thumbnail shipping-taxable purchasable product-type-simple\">\n\t<a href=\"?add-to-cart=27026\" data-quantity=\"1\" class=\"button wp-element-button product_type_simple add_to_cart_button ajax_add_to_cart\" data-product_id=\"27026\" data-product_sku=\"1007\" aria-label=\"Add &ldquo;Prirodni \u0161ampon za sve tipove kose&rdquo; to your cart\" rel=\"nofollow\">Dodaj u ko\u0161aricu<\/a><\/li>\n<\/ul>\n<\/div>[\/vc_column][\/vc_row]<\/p>\n","protected":false},"excerpt":{"rendered":"<p>[vc_row][vc_column][vc_column_text] Rje\u0161enje je definitivno eteri\u010dno ulje \u010dajevca i eteri\u010dno ulje lavande. U\u0161i su insekti s prozirnim tijelom, veli\u010dine 3-4 mm, bez krila. U slu\u010daju, da se hrane krvlju, tijelo im dobija crvenu boju. Ono \u0161to je va\u017eno za roditelje je da ovi insekti ne izazivaju bolest, nego izazivaju neugodnu svrbe\u017e vlasi\u0161ta. Naj\u010de\u0161\u0107e se nalaze u [&hellip;]<\/p>\n","protected":false},"author":653,"featured_media":27409,"comment_status":"closed","ping_status":"closed","sticky":false,"template":"","format":"standard","meta":{"inline_featured_image":false,"footnotes":""},"categories":[557,555],"tags":[562],"class_list":["post-27408","post","type-post","status-publish","format-standard","has-post-thumbnail","hentry","category-blog-hr","category-novice-hr","tag-zastita-od-usiju"],"acf":[],"yoast_head":"<!-- This site is optimized with the Yoast SEO plugin v19.13 - https:\/\/yoast.com\/wordpress\/plugins\/seo\/ -->\n<title>Za\u0161tita od u\u0161iju - kako izbje\u0107i u\u0161i na prirodan na\u010din? | Gnjide | U\u0161i<\/title>\n<meta name=\"description\" content=\"Budu\u0107i da u\u0161i ne podnose miris \u010dajevca i lavande, sastavili smo \u0161ampon koji sadr\u017ei esencijalno ulje \u010dajevca i eteri\u010dno ulje lavande. Za\u0161tita od u\u0161iju.\" \/>\n<meta name=\"robots\" content=\"index, follow, max-snippet:-1, max-image-preview:large, max-video-preview:-1\" \/>\n<link rel=\"canonical\" href=\"https:\/\/sen-shop.com\/hr\/blogs\/kako-se-prirodnim-putem-zastititi-od-usiju\/\" \/>\n<meta property=\"og:locale\" content=\"hr_HR\" \/>\n<meta property=\"og:type\" content=\"article\" \/>\n<meta property=\"og:title\" content=\"Za\u0161tita od u\u0161iju - kako izbje\u0107i u\u0161i na prirodan na\u010din? | Gnjide | U\u0161i\" \/>\n<meta property=\"og:description\" content=\"Budu\u0107i da u\u0161i ne podnose miris \u010dajevca i lavande, sastavili smo \u0161ampon koji sadr\u017ei esencijalno ulje \u010dajevca i eteri\u010dno ulje lavande. Za\u0161tita od u\u0161iju.\" \/>\n<meta property=\"og:url\" content=\"https:\/\/sen-shop.com\/hr\/blogs\/kako-se-prirodnim-putem-zastititi-od-usiju\/\" \/>\n<meta property=\"og:site_name\" content=\"SEN Shop\" \/>\n<meta property=\"article:publisher\" content=\"https:\/\/www.facebook.com\/Senshopslovenija\" \/>\n<meta property=\"article:published_time\" content=\"2021-04-16T08:38:20+00:00\" \/>\n<meta property=\"article:modified_time\" content=\"2021-10-29T12:35:00+00:00\" \/>\n<meta property=\"og:image\" content=\"https:\/\/sen-shop.com\/wp-content\/uploads\/2019\/05\/u\u0161i-blog-e1625644327338.png\" \/>\n\t<meta property=\"og:image:width\" content=\"1140\" \/>\n\t<meta property=\"og:image:height\" content=\"478\" \/>\n\t<meta property=\"og:image:type\" content=\"image\/png\" \/>\n<meta name=\"author\" content=\"Rok\" \/>\n<meta name=\"twitter:card\" content=\"summary_large_image\" \/>\n<meta name=\"twitter:label1\" content=\"Written by\" \/>\n\t<meta name=\"twitter:data1\" content=\"Rok\" \/>\n\t<meta name=\"twitter:label2\" content=\"Est. reading time\" \/>\n\t<meta name=\"twitter:data2\" content=\"3 minutes\" \/>\n<script type=\"application\/ld+json\" class=\"yoast-schema-graph\">{\"@context\":\"https:\/\/schema.org\",\"@graph\":[{\"@type\":\"Article\",\"@id\":\"https:\/\/sen-shop.com\/hr\/blogs\/kako-se-prirodnim-putem-zastititi-od-usiju\/#article\",\"isPartOf\":{\"@id\":\"https:\/\/sen-shop.com\/hr\/blogs\/kako-se-prirodnim-putem-zastititi-od-usiju\/\"},\"author\":{\"name\":\"Rok\",\"@id\":\"https:\/\/sen-shop.com\/hr\/#\/schema\/person\/4e77fe2b9a51dbbd00b9ae01e1b3e49b\"},\"headline\":\"Kako se prirodnim putem za\u0161tititi od u\u0161iju?\",\"datePublished\":\"2021-04-16T08:38:20+00:00\",\"dateModified\":\"2021-10-29T12:35:00+00:00\",\"mainEntityOfPage\":{\"@id\":\"https:\/\/sen-shop.com\/hr\/blogs\/kako-se-prirodnim-putem-zastititi-od-usiju\/\"},\"wordCount\":516,\"publisher\":{\"@id\":\"https:\/\/sen-shop.com\/hr\/#organization\"},\"keywords\":[\"za\u0161tita od u\u0161iju\"],\"articleSection\":[\"Blog\",\"Novice\"],\"inLanguage\":\"hr-HR\"},{\"@type\":\"WebPage\",\"@id\":\"https:\/\/sen-shop.com\/hr\/blogs\/kako-se-prirodnim-putem-zastititi-od-usiju\/\",\"url\":\"https:\/\/sen-shop.com\/hr\/blogs\/kako-se-prirodnim-putem-zastititi-od-usiju\/\",\"name\":\"Za\u0161tita od u\u0161iju - kako izbje\u0107i u\u0161i na prirodan na\u010din? | Gnjide | U\u0161i\",\"isPartOf\":{\"@id\":\"https:\/\/sen-shop.com\/hr\/#website\"},\"datePublished\":\"2021-04-16T08:38:20+00:00\",\"dateModified\":\"2021-10-29T12:35:00+00:00\",\"description\":\"Budu\u0107i da u\u0161i ne podnose miris \u010dajevca i lavande, sastavili smo \u0161ampon koji sadr\u017ei esencijalno ulje \u010dajevca i eteri\u010dno ulje lavande. Za\u0161tita od u\u0161iju.\",\"breadcrumb\":{\"@id\":\"https:\/\/sen-shop.com\/hr\/blogs\/kako-se-prirodnim-putem-zastititi-od-usiju\/#breadcrumb\"},\"inLanguage\":\"hr-HR\",\"potentialAction\":[{\"@type\":\"ReadAction\",\"target\":[\"https:\/\/sen-shop.com\/hr\/blogs\/kako-se-prirodnim-putem-zastititi-od-usiju\/\"]}]},{\"@type\":\"BreadcrumbList\",\"@id\":\"https:\/\/sen-shop.com\/hr\/blogs\/kako-se-prirodnim-putem-zastititi-od-usiju\/#breadcrumb\",\"itemListElement\":[{\"@type\":\"ListItem\",\"position\":1,\"name\":\"Home\",\"item\":\"https:\/\/sen-shop.com\/hr\/\"},{\"@type\":\"ListItem\",\"position\":2,\"name\":\"Kako se prirodnim putem za\u0161tititi od u\u0161iju?\"}]},{\"@type\":\"WebSite\",\"@id\":\"https:\/\/sen-shop.com\/hr\/#website\",\"url\":\"https:\/\/sen-shop.com\/hr\/\",\"name\":\"SEN Shop\",\"description\":\"Slovensko, Ekolo\u0161ko, Naravno\",\"publisher\":{\"@id\":\"https:\/\/sen-shop.com\/hr\/#organization\"},\"potentialAction\":[{\"@type\":\"SearchAction\",\"target\":{\"@type\":\"EntryPoint\",\"urlTemplate\":\"https:\/\/sen-shop.com\/hr\/?s={search_term_string}\"},\"query-input\":\"required name=search_term_string\"}],\"inLanguage\":\"hr-HR\"},{\"@type\":\"Organization\",\"@id\":\"https:\/\/sen-shop.com\/hr\/#organization\",\"name\":\"Mind trade d.o.o\",\"url\":\"https:\/\/sen-shop.com\/hr\/\",\"logo\":{\"@type\":\"ImageObject\",\"inLanguage\":\"hr-HR\",\"@id\":\"https:\/\/sen-shop.com\/hr\/#\/schema\/logo\/image\/\",\"url\":\"https:\/\/sen-shop.com\/wp-content\/uploads\/2018\/05\/header_logo.png\",\"contentUrl\":\"https:\/\/sen-shop.com\/wp-content\/uploads\/2018\/05\/header_logo.png\",\"width\":138,\"height\":70,\"caption\":\"Mind trade d.o.o\"},\"image\":{\"@id\":\"https:\/\/sen-shop.com\/hr\/#\/schema\/logo\/image\/\"},\"sameAs\":[\"https:\/\/www.instagram.com\/senslovenija\/\",\"https:\/\/www.facebook.com\/Senshopslovenija\"]},{\"@type\":\"Person\",\"@id\":\"https:\/\/sen-shop.com\/hr\/#\/schema\/person\/4e77fe2b9a51dbbd00b9ae01e1b3e49b\",\"name\":\"Rok\",\"url\":\"https:\/\/sen-shop.com\/hr\/blogs\/author\/rok-krizan\/\"}]}<\/script>\n<!-- \/ Yoast SEO plugin. -->","yoast_head_json":{"title":"Za\u0161tita od u\u0161iju - kako izbje\u0107i u\u0161i na prirodan na\u010din? | Gnjide | U\u0161i","description":"Budu\u0107i da u\u0161i ne podnose miris \u010dajevca i lavande, sastavili smo \u0161ampon koji sadr\u017ei esencijalno ulje \u010dajevca i eteri\u010dno ulje lavande. Za\u0161tita od u\u0161iju.","robots":{"index":"index","follow":"follow","max-snippet":"max-snippet:-1","max-image-preview":"max-image-preview:large","max-video-preview":"max-video-preview:-1"},"canonical":"https:\/\/sen-shop.com\/hr\/blogs\/kako-se-prirodnim-putem-zastititi-od-usiju\/","og_locale":"hr_HR","og_type":"article","og_title":"Za\u0161tita od u\u0161iju - kako izbje\u0107i u\u0161i na prirodan na\u010din? | Gnjide | U\u0161i","og_description":"Budu\u0107i da u\u0161i ne podnose miris \u010dajevca i lavande, sastavili smo \u0161ampon koji sadr\u017ei esencijalno ulje \u010dajevca i eteri\u010dno ulje lavande. Za\u0161tita od u\u0161iju.","og_url":"https:\/\/sen-shop.com\/hr\/blogs\/kako-se-prirodnim-putem-zastititi-od-usiju\/","og_site_name":"SEN Shop","article_publisher":"https:\/\/www.facebook.com\/Senshopslovenija","article_published_time":"2021-04-16T08:38:20+00:00","article_modified_time":"2021-10-29T12:35:00+00:00","og_image":[{"width":1140,"height":478,"url":"https:\/\/sen-shop.com\/wp-content\/uploads\/2019\/05\/u\u0161i-blog-e1625644327338.png","type":"image\/png"}],"author":"Rok","twitter_card":"summary_large_image","twitter_misc":{"Written by":"Rok","Est. reading time":"3 minutes"},"schema":{"@context":"https:\/\/schema.org","@graph":[{"@type":"Article","@id":"https:\/\/sen-shop.com\/hr\/blogs\/kako-se-prirodnim-putem-zastititi-od-usiju\/#article","isPartOf":{"@id":"https:\/\/sen-shop.com\/hr\/blogs\/kako-se-prirodnim-putem-zastititi-od-usiju\/"},"author":{"name":"Rok","@id":"https:\/\/sen-shop.com\/hr\/#\/schema\/person\/4e77fe2b9a51dbbd00b9ae01e1b3e49b"},"headline":"Kako se prirodnim putem za\u0161tititi od u\u0161iju?","datePublished":"2021-04-16T08:38:20+00:00","dateModified":"2021-10-29T12:35:00+00:00","mainEntityOfPage":{"@id":"https:\/\/sen-shop.com\/hr\/blogs\/kako-se-prirodnim-putem-zastititi-od-usiju\/"},"wordCount":516,"publisher":{"@id":"https:\/\/sen-shop.com\/hr\/#organization"},"keywords":["za\u0161tita od u\u0161iju"],"articleSection":["Blog","Novice"],"inLanguage":"hr-HR"},{"@type":"WebPage","@id":"https:\/\/sen-shop.com\/hr\/blogs\/kako-se-prirodnim-putem-zastititi-od-usiju\/","url":"https:\/\/sen-shop.com\/hr\/blogs\/kako-se-prirodnim-putem-zastititi-od-usiju\/","name":"Za\u0161tita od u\u0161iju - kako izbje\u0107i u\u0161i na prirodan na\u010din? | Gnjide | U\u0161i","isPartOf":{"@id":"https:\/\/sen-shop.com\/hr\/#website"},"datePublished":"2021-04-16T08:38:20+00:00","dateModified":"2021-10-29T12:35:00+00:00","description":"Budu\u0107i da u\u0161i ne podnose miris \u010dajevca i lavande, sastavili smo \u0161ampon koji sadr\u017ei esencijalno ulje \u010dajevca i eteri\u010dno ulje lavande. Za\u0161tita od u\u0161iju.","breadcrumb":{"@id":"https:\/\/sen-shop.com\/hr\/blogs\/kako-se-prirodnim-putem-zastititi-od-usiju\/#breadcrumb"},"inLanguage":"hr-HR","potentialAction":[{"@type":"ReadAction","target":["https:\/\/sen-shop.com\/hr\/blogs\/kako-se-prirodnim-putem-zastititi-od-usiju\/"]}]},{"@type":"BreadcrumbList","@id":"https:\/\/sen-shop.com\/hr\/blogs\/kako-se-prirodnim-putem-zastititi-od-usiju\/#breadcrumb","itemListElement":[{"@type":"ListItem","position":1,"name":"Home","item":"https:\/\/sen-shop.com\/hr\/"},{"@type":"ListItem","position":2,"name":"Kako se prirodnim putem za\u0161tititi od u\u0161iju?"}]},{"@type":"WebSite","@id":"https:\/\/sen-shop.com\/hr\/#website","url":"https:\/\/sen-shop.com\/hr\/","name":"SEN Shop","description":"Slovensko, Ekolo\u0161ko, Naravno","publisher":{"@id":"https:\/\/sen-shop.com\/hr\/#organization"},"potentialAction":[{"@type":"SearchAction","target":{"@type":"EntryPoint","urlTemplate":"https:\/\/sen-shop.com\/hr\/?s={search_term_string}"},"query-input":"required name=search_term_string"}],"inLanguage":"hr-HR"},{"@type":"Organization","@id":"https:\/\/sen-shop.com\/hr\/#organization","name":"Mind trade d.o.o","url":"https:\/\/sen-shop.com\/hr\/","logo":{"@type":"ImageObject","inLanguage":"hr-HR","@id":"https:\/\/sen-shop.com\/hr\/#\/schema\/logo\/image\/","url":"https:\/\/sen-shop.com\/wp-content\/uploads\/2018\/05\/header_logo.png","contentUrl":"https:\/\/sen-shop.com\/wp-content\/uploads\/2018\/05\/header_logo.png","width":138,"height":70,"caption":"Mind trade d.o.o"},"image":{"@id":"https:\/\/sen-shop.com\/hr\/#\/schema\/logo\/image\/"},"sameAs":["https:\/\/www.instagram.com\/senslovenija\/","https:\/\/www.facebook.com\/Senshopslovenija"]},{"@type":"Person","@id":"https:\/\/sen-shop.com\/hr\/#\/schema\/person\/4e77fe2b9a51dbbd00b9ae01e1b3e49b","name":"Rok","url":"https:\/\/sen-shop.com\/hr\/blogs\/author\/rok-krizan\/"}]}},"_links":{"self":[{"href":"https:\/\/sen-shop.com\/hr\/wp-json\/wp\/v2\/posts\/27408","targetHints":{"allow":["GET"]}}],"collection":[{"href":"https:\/\/sen-shop.com\/hr\/wp-json\/wp\/v2\/posts"}],"about":[{"href":"https:\/\/sen-shop.com\/hr\/wp-json\/wp\/v2\/types\/post"}],"author":[{"embeddable":true,"href":"https:\/\/sen-shop.com\/hr\/wp-json\/wp\/v2\/users\/653"}],"replies":[{"embeddable":true,"href":"https:\/\/sen-shop.com\/hr\/wp-json\/wp\/v2\/comments?post=27408"}],"version-history":[{"count":0,"href":"https:\/\/sen-shop.com\/hr\/wp-json\/wp\/v2\/posts\/27408\/revisions"}],"wp:featuredmedia":[{"embeddable":true,"href":"https:\/\/sen-shop.com\/hr\/wp-json\/wp\/v2\/media\/27409"}],"wp:attachment":[{"href":"https:\/\/sen-shop.com\/hr\/wp-json\/wp\/v2\/media?parent=27408"}],"wp:term":[{"taxonomy":"category","embeddable":true,"href":"https:\/\/sen-shop.com\/hr\/wp-json\/wp\/v2\/categories?post=27408"},{"taxonomy":"post_tag","embeddable":true,"href":"https:\/\/sen-shop.com\/hr\/wp-json\/wp\/v2\/tags?post=27408"}],"curies":[{"name":"wp","href":"https:\/\/api.w.org\/{rel}","templated":true}]}}