{"id":42689,"date":"2021-11-23T19:58:59","date_gmt":"2021-11-23T18:58:59","guid":{"rendered":"https:\/\/sen-shop.com\/blogs\/vitamin-d3-boost-your-immune-system-without-sun-exposure\/"},"modified":"2021-11-23T20:30:21","modified_gmt":"2021-11-23T19:30:21","slug":"vitamin-d-staerkt-ihr-immunsystem","status":"publish","type":"post","link":"https:\/\/sen-shop.com\/de\/blogs\/vitamin-d-staerkt-ihr-immunsystem\/","title":{"rendered":"VITAMIN D3 &#8211; ST\u00c4RKUNG DES IMMUNSYSTEMS OHNE SONNENEINSTRAHLUNG"},"content":{"rendered":"<div>\n<p><span style=\"color: #c2859b; font-family: 'trebuchet ms', geneva, sans-serif;\"><strong><span lang=\"DE-AT\">Vitamin D ist au\u00dferordentlich wichtig und spielt eine grundlegende Rolle f\u00fcr unser Immun-, Herz-Kreislauf-, Stoffwechsel-, Muskel- und Skelettsystem.<\/span><\/strong><\/span><\/p>\n<p><span style=\"font-family: 'trebuchet ms', geneva, sans-serif;\"><em><span lang=\"DE-AT\">Es ist ein einzigartiges Vitamin D, das die meisten Menschen nicht ausreichend zu sich nehmen. Es wird gesch\u00e4tzt, dass mehr als 40 % der europ\u00e4ischen Erwachsenen einen Vitamin-D-Mangel haben.<\/span><\/em><\/span><\/p>\n<\/div>\n<div><\/div>\n<hr \/>\n<h3><span style=\"font-family: trebuchet ms, geneva, sans-serif;\">Optimaler Schutz f\u00fcr das Immunsystem<\/span><\/h3>\n<p><span style=\"font-family: trebuchet ms, geneva, sans-serif;\"><img loading=\"lazy\" decoding=\"async\" class=\"alignright wp-image-38601\" src=\"https:\/\/sen-shop.com\/wp-content\/uploads\/2021\/10\/Vitamin-D_2-300x300.png\" alt=\"\" width=\"144\" height=\"144\" srcset=\"https:\/\/sen-shop.com\/wp-content\/uploads\/2021\/10\/Vitamin-D_2-300x300.png 300w, https:\/\/sen-shop.com\/wp-content\/uploads\/2021\/10\/Vitamin-D_2-100x100.png 100w, https:\/\/sen-shop.com\/wp-content\/uploads\/2021\/10\/Vitamin-D_2-50x50.png 50w, https:\/\/sen-shop.com\/wp-content\/uploads\/2021\/10\/Vitamin-D_2-60x60.png 60w, https:\/\/sen-shop.com\/wp-content\/uploads\/2021\/10\/Vitamin-D_2.png 360w\" sizes=\"auto, (max-width: 144px) 100vw, 144px\" \/><\/span><\/p>\n<div>\n<p><span lang=\"DE-AT\" style=\"font-family: 'trebuchet ms', geneva, sans-serif;\"><a href=\"https:\/\/de.wikipedia.org\/wiki\/Vitamin_D\">Das &#8222;Sonnenschein&#8220;-Vitamin<\/a> ist vor allem in Lachs, Sardinen, Milch, Molkereiprodukten, Lebertran und Eiern enthalten.<\/span><\/p>\n<\/div>\n<div><span lang=\"DE-AT\" style=\"font-family: 'trebuchet ms', geneva, sans-serif;\">Es kann im K\u00f6rper nur gebildet werden, wenn die Haut der ultravioletten Strahlung (UVB) ausgesetzt ist. <\/span><\/div>\n<div><\/div>\n<div><span lang=\"DE-AT\" style=\"font-family: 'trebuchet ms', geneva, sans-serif;\">Daher ist ein wenig Sonneneinstrahlung f\u00fcr die Synthese des Vitamins in der Haut unerl\u00e4sslich.<\/span><\/div>\n<div>\n<p><span style=\"font-family: 'trebuchet ms', geneva, sans-serif; color: #c2859b;\"><strong><span lang=\"DE-AT\">Vitamin D ist f\u00fcr die St\u00e4rkung der Abwehrkr\u00e4fte des Immunsystems von entscheidender Bedeutung, da es sowohl entz\u00fcndungshemmende als auch immunregulierende Eigenschaften besitzt.<\/span><\/strong><\/span><\/p>\n<\/div>\n<div>\n<p><span lang=\"DE-AT\" style=\"font-family: 'trebuchet ms', geneva, sans-serif;\">Dieses Vitamin ist so wichtig f\u00fcr die Immunfunktion, dass ein geringer Vitaminspiegel mit einer erh\u00f6hten Anf\u00e4lligkeit f\u00fcr Infektionen, Atemwegserkrankungen, einschlie\u00dflich Tuberkulose, Asthma und chronisch obstruktiver Lungenerkrankung (COPD), sowie virale und bakterielle Atemwegsinfektionen und immunologische St\u00f6rungen in Verbindung gebracht wird (vertrauensw\u00fcrdige Quelle).<\/span><\/p>\n<\/div>\n<div><span lang=\"DE-AT\" style=\"font-family: 'trebuchet ms', geneva, sans-serif;\">Er spielt eine wichtige Rolle bei verschiedenen Prozessen im Stoffwechsel, insbesondere im Knochenstoffwechsel, da er als Pro-Hormon f\u00fcr den Aufbau gesunder Knochen und Z\u00e4hne und somit f\u00fcr ein angemessenes Wachstum sorgt.<\/span><\/div>\n<div><\/div>\n<hr \/>\n<h3><span style=\"font-family: trebuchet ms, geneva, sans-serif;\">Vitamin-D-Mangel<\/span><\/h3>\n<div>\n<p><span lang=\"DE-AT\" style=\"font-family: 'trebuchet ms', geneva, sans-serif;\">Diese Vitamine geh\u00f6ren zu den wichtigsten N\u00e4hrstoffen f\u00fcr die Gesundheit des K\u00f6rpers. Es tr\u00e4gt zur Aufnahme von Kalzium bei und macht so die Knochen- und Zahnstruktur widerstandsf\u00e4higer und st\u00e4rker.<\/span><\/p>\n<\/div>\n<div><span lang=\"DE-AT\" style=\"font-family: 'trebuchet ms', geneva, sans-serif;\">Muskelschw\u00e4che und \u00fcberm\u00e4\u00dfige M\u00fcdigkeit sind nur einige der Symptome f\u00fcr einen Mangel an Vitamin D.<\/span><\/div>\n<div><\/div>\n<div><span style=\"font-family: 'trebuchet ms', geneva, sans-serif; color: #c2859b;\"><strong><span lang=\"DE-AT\">Vitamin-D-Mangel steht in Zusammenhang mit einer verminderten Lungenfunktion, die die F\u00e4higkeit des K\u00f6rpers zur Bek\u00e4mpfung von Atemwegsinfektionen beeintr\u00e4chtigen kann.<\/span><\/strong><\/span><\/div>\n<div><\/div>\n<hr \/>\n<h3><span lang=\"DE-AT\" style=\"font-family: 'trebuchet ms', geneva, sans-serif;\">Sonnenmangel kann die Ursache f\u00fcr den Mangel sein<\/span><\/h3>\n<div><span lang=\"DE-AT\" style=\"font-family: 'trebuchet ms', geneva, sans-serif;\">Die wichtigste Ursache f\u00fcr einen Vitaminmangel ist ein Mangel an h\u00e4ufiger oder ausreichender Sonneneinstrahlung (Winter, l\u00e4ngere Regenperioden usw.). <\/span><span style=\"font-family: trebuchet ms, geneva, sans-serif;\"><img loading=\"lazy\" decoding=\"async\" class=\"alignright wp-image-38554\" src=\"https:\/\/sen-shop.com\/wp-content\/uploads\/2021\/10\/vitamin-D_1-300x300.png\" alt=\"\" width=\"144\" height=\"144\" srcset=\"https:\/\/sen-shop.com\/wp-content\/uploads\/2021\/10\/vitamin-D_1-300x300.png 300w, https:\/\/sen-shop.com\/wp-content\/uploads\/2021\/10\/vitamin-D_1-100x100.png 100w, https:\/\/sen-shop.com\/wp-content\/uploads\/2021\/10\/vitamin-D_1-50x50.png 50w, https:\/\/sen-shop.com\/wp-content\/uploads\/2021\/10\/vitamin-D_1-60x60.png 60w, https:\/\/sen-shop.com\/wp-content\/uploads\/2021\/10\/vitamin-D_1.png 360w\" sizes=\"auto, (max-width: 144px) 100vw, 144px\" \/><\/span><\/div>\n<div><\/div>\n<div><span lang=\"DE-AT\" style=\"font-family: 'trebuchet ms', geneva, sans-serif;\">Das Vitamin wird aus Cholesterin in der Haut gebildet, wenn diese der Sonne ausgesetzt ist. Aus diesem Grund ist es f\u00fcr die Aufrechterhaltung eines optimalen Vitamin-D-Spiegels sehr wichtig, ausreichend Sonnenlicht zu bekommen.<\/span><\/div>\n<div>\n<p><span lang=\"DE-AT\" style=\"font-family: 'trebuchet ms', geneva, sans-serif;\">Laut den Empfehlungen der Gesellschaft f\u00fcr Endokrinologie sind <b>weniger als 5 % der Erwachsenen<\/b> zwischen November und April optimal mit <b>Vitamin D<\/b> versorgt. Aus diesem Grund ist es besonders im Winter wichtig, <b>Vitamin D zuzuf\u00fchren<\/b>.<\/span><\/p>\n<\/div>\n<div><span style=\"font-family: 'trebuchet ms', geneva, sans-serif;\"><span lang=\"DE-AT\">Die wirksamste L\u00f6sung, um den geringen Vitaminspiegel im K\u00f6rper zu senken, ist eine angemessene Sonnenbestrahlung oder die Zufuhr von <\/span><span style=\"color: #c2859b;\"><b><span lang=\"DE-AT\">Vitamin D3 in Form von <\/span><strong><span lang=\"DE-AT\">\ud83d\udc49<\/span><\/strong><\/b><b><a style=\"color: #c2859b;\" href=\"https:\/\/sen-shop.com\/de\/collections\/nahrungsergaenzungsmittel\/gelenke-und-muskeln-de\/vitamin-d3\/\"><span lang=\"DE-AT\"> Nahrungsmitteln.<\/span><\/a><\/b><\/span><\/span><span style=\"font-family: trebuchet ms, geneva, sans-serif;\"><div class=\"woocommerce columns-2 \"><ul class=\"products columns-2\">\n<li class=\"product type-product post-31963 status-publish first instock product_cat-gelenke-und-muskeln-de product_cat-immunsystem product_cat-knochen-gelenke-und-muskelprobleme product_cat-nahrungsergaenzungsmittel has-post-thumbnail shipping-taxable purchasable product-type-simple\">\n\t<a href=\"?add-to-cart=31963\" data-quantity=\"1\" class=\"button wp-element-button product_type_simple add_to_cart_button ajax_add_to_cart\" data-product_id=\"31963\" data-product_sku=\"2023\" aria-label=\"Add &ldquo;Vitamin D3&rdquo; to your cart\" rel=\"nofollow\">Add to cart<\/a><\/li>\n<\/ul>\n<\/div>[\/vc_column][\/vc_row]<\/span><\/div>\n","protected":false},"excerpt":{"rendered":"<p>Vitamin D ist au\u00dferordentlich wichtig und spielt eine grundlegende Rolle f\u00fcr unser Immun-, Herz-Kreislauf-, Stoffwechsel-, Muskel- und Skelettsystem. Es ist ein einzigartiges Vitamin D, das die meisten Menschen nicht ausreichend zu sich nehmen. Es wird gesch\u00e4tzt, dass mehr als 40 % der europ\u00e4ischen Erwachsenen einen Vitamin-D-Mangel haben. Optimaler Schutz f\u00fcr das Immunsystem Das &#8222;Sonnenschein&#8220;-Vitamin ist [&hellip;]<\/p>\n","protected":false},"author":12,"featured_media":38593,"comment_status":"open","ping_status":"closed","sticky":false,"template":"","format":"standard","meta":{"inline_featured_image":false,"footnotes":""},"categories":[1096],"tags":[],"class_list":["post-42689","post","type-post","status-publish","format-standard","has-post-thumbnail","hentry","category-novice-de"],"acf":[],"yoast_head":"<!-- This site is optimized with the Yoast SEO plugin v19.13 - https:\/\/yoast.com\/wordpress\/plugins\/seo\/ -->\n<title>VITAMIN D3 - ST\u00c4RKUNG DES IMMUNSYSTEMS OHNE SONNENEINSTRAHLUNG - SEN Shop<\/title>\n<meta name=\"description\" content=\"A unique &#039;sunshine&#039; vitamin that most people don\u2019t get enough of. In fact, it\u2019s estimated that more than 40% of European adults have a vitamin D deficiency.\" \/>\n<meta name=\"robots\" content=\"index, follow, max-snippet:-1, max-image-preview:large, max-video-preview:-1\" \/>\n<link rel=\"canonical\" href=\"https:\/\/sen-shop.com\/de\/blogs\/vitamin-d-staerkt-ihr-immunsystem\/\" \/>\n<meta property=\"og:locale\" content=\"de_DE\" \/>\n<meta property=\"og:type\" content=\"article\" \/>\n<meta property=\"og:title\" content=\"VITAMIN D3 - ST\u00c4RKUNG DES IMMUNSYSTEMS OHNE SONNENEINSTRAHLUNG - SEN Shop\" \/>\n<meta property=\"og:description\" content=\"A unique &#039;sunshine&#039; vitamin that most people don\u2019t get enough of. In fact, it\u2019s estimated that more than 40% of European adults have a vitamin D deficiency.\" \/>\n<meta property=\"og:url\" content=\"https:\/\/sen-shop.com\/de\/blogs\/vitamin-d-staerkt-ihr-immunsystem\/\" \/>\n<meta property=\"og:site_name\" content=\"SEN Shop\" \/>\n<meta property=\"article:publisher\" content=\"https:\/\/www.facebook.com\/Senshopslovenija\" \/>\n<meta property=\"article:published_time\" content=\"2021-11-23T18:58:59+00:00\" \/>\n<meta property=\"article:modified_time\" content=\"2021-11-23T19:30:21+00:00\" \/>\n<meta property=\"og:image\" content=\"https:\/\/sen-shop.com\/wp-content\/uploads\/2021\/10\/Vitamin-D.png\" \/>\n\t<meta property=\"og:image:width\" content=\"525\" \/>\n\t<meta property=\"og:image:height\" content=\"337\" \/>\n\t<meta property=\"og:image:type\" content=\"image\/png\" \/>\n<meta name=\"author\" content=\"Tjasa_M\" \/>\n<meta name=\"twitter:card\" content=\"summary_large_image\" \/>\n<meta name=\"twitter:label1\" content=\"Verfasst von\" \/>\n\t<meta name=\"twitter:data1\" content=\"Tjasa_M\" \/>\n\t<meta name=\"twitter:label2\" content=\"Gesch\u00e4tzte Lesezeit\" \/>\n\t<meta name=\"twitter:data2\" content=\"2\u00a0Minuten\" \/>\n<script type=\"application\/ld+json\" class=\"yoast-schema-graph\">{\"@context\":\"https:\/\/schema.org\",\"@graph\":[{\"@type\":\"Article\",\"@id\":\"https:\/\/sen-shop.com\/de\/blogs\/vitamin-d-staerkt-ihr-immunsystem\/#article\",\"isPartOf\":{\"@id\":\"https:\/\/sen-shop.com\/de\/blogs\/vitamin-d-staerkt-ihr-immunsystem\/\"},\"author\":{\"name\":\"Tjasa_M\",\"@id\":\"https:\/\/sen-shop.com\/de\/#\/schema\/person\/5e0a20f87176f4b3e05f7a0d08adc112\"},\"headline\":\"VITAMIN D3 &#8211; ST\u00c4RKUNG DES IMMUNSYSTEMS OHNE SONNENEINSTRAHLUNG\",\"datePublished\":\"2021-11-23T18:58:59+00:00\",\"dateModified\":\"2021-11-23T19:30:21+00:00\",\"mainEntityOfPage\":{\"@id\":\"https:\/\/sen-shop.com\/de\/blogs\/vitamin-d-staerkt-ihr-immunsystem\/\"},\"wordCount\":435,\"commentCount\":0,\"publisher\":{\"@id\":\"https:\/\/sen-shop.com\/de\/#organization\"},\"articleSection\":[\"Nachrichten\"],\"inLanguage\":\"de\",\"potentialAction\":[{\"@type\":\"CommentAction\",\"name\":\"Comment\",\"target\":[\"https:\/\/sen-shop.com\/de\/blogs\/vitamin-d-staerkt-ihr-immunsystem\/#respond\"]}]},{\"@type\":\"WebPage\",\"@id\":\"https:\/\/sen-shop.com\/de\/blogs\/vitamin-d-staerkt-ihr-immunsystem\/\",\"url\":\"https:\/\/sen-shop.com\/de\/blogs\/vitamin-d-staerkt-ihr-immunsystem\/\",\"name\":\"VITAMIN D3 - ST\u00c4RKUNG DES IMMUNSYSTEMS OHNE SONNENEINSTRAHLUNG - SEN Shop\",\"isPartOf\":{\"@id\":\"https:\/\/sen-shop.com\/de\/#website\"},\"datePublished\":\"2021-11-23T18:58:59+00:00\",\"dateModified\":\"2021-11-23T19:30:21+00:00\",\"description\":\"A unique 'sunshine' vitamin that most people don\u2019t get enough of. In fact, it\u2019s estimated that more than 40% of European adults have a vitamin D deficiency.\",\"breadcrumb\":{\"@id\":\"https:\/\/sen-shop.com\/de\/blogs\/vitamin-d-staerkt-ihr-immunsystem\/#breadcrumb\"},\"inLanguage\":\"de\",\"potentialAction\":[{\"@type\":\"ReadAction\",\"target\":[\"https:\/\/sen-shop.com\/de\/blogs\/vitamin-d-staerkt-ihr-immunsystem\/\"]}]},{\"@type\":\"BreadcrumbList\",\"@id\":\"https:\/\/sen-shop.com\/de\/blogs\/vitamin-d-staerkt-ihr-immunsystem\/#breadcrumb\",\"itemListElement\":[{\"@type\":\"ListItem\",\"position\":1,\"name\":\"Home\",\"item\":\"https:\/\/sen-shop.com\/de\/\"},{\"@type\":\"ListItem\",\"position\":2,\"name\":\"VITAMIN D3 &#8211; ST\u00c4RKUNG DES IMMUNSYSTEMS OHNE SONNENEINSTRAHLUNG\"}]},{\"@type\":\"WebSite\",\"@id\":\"https:\/\/sen-shop.com\/de\/#website\",\"url\":\"https:\/\/sen-shop.com\/de\/\",\"name\":\"SEN Shop\",\"description\":\"Slovensko, Ekolo\u0161ko, Naravno\",\"publisher\":{\"@id\":\"https:\/\/sen-shop.com\/de\/#organization\"},\"potentialAction\":[{\"@type\":\"SearchAction\",\"target\":{\"@type\":\"EntryPoint\",\"urlTemplate\":\"https:\/\/sen-shop.com\/de\/?s={search_term_string}\"},\"query-input\":\"required name=search_term_string\"}],\"inLanguage\":\"de\"},{\"@type\":\"Organization\",\"@id\":\"https:\/\/sen-shop.com\/de\/#organization\",\"name\":\"Mind trade d.o.o\",\"url\":\"https:\/\/sen-shop.com\/de\/\",\"logo\":{\"@type\":\"ImageObject\",\"inLanguage\":\"de\",\"@id\":\"https:\/\/sen-shop.com\/de\/#\/schema\/logo\/image\/\",\"url\":\"https:\/\/sen-shop.com\/wp-content\/uploads\/2018\/05\/header_logo.png\",\"contentUrl\":\"https:\/\/sen-shop.com\/wp-content\/uploads\/2018\/05\/header_logo.png\",\"width\":138,\"height\":70,\"caption\":\"Mind trade d.o.o\"},\"image\":{\"@id\":\"https:\/\/sen-shop.com\/de\/#\/schema\/logo\/image\/\"},\"sameAs\":[\"https:\/\/www.instagram.com\/senslovenija\/\",\"https:\/\/www.facebook.com\/Senshopslovenija\"]},{\"@type\":\"Person\",\"@id\":\"https:\/\/sen-shop.com\/de\/#\/schema\/person\/5e0a20f87176f4b3e05f7a0d08adc112\",\"name\":\"Tjasa_M\",\"url\":\"https:\/\/sen-shop.com\/de\/blogs\/author\/mind\/\"}]}<\/script>\n<!-- \/ Yoast SEO plugin. -->","yoast_head_json":{"title":"VITAMIN D3 - ST\u00c4RKUNG DES IMMUNSYSTEMS OHNE SONNENEINSTRAHLUNG - SEN Shop","description":"A unique 'sunshine' vitamin that most people don\u2019t get enough of. In fact, it\u2019s estimated that more than 40% of European adults have a vitamin D deficiency.","robots":{"index":"index","follow":"follow","max-snippet":"max-snippet:-1","max-image-preview":"max-image-preview:large","max-video-preview":"max-video-preview:-1"},"canonical":"https:\/\/sen-shop.com\/de\/blogs\/vitamin-d-staerkt-ihr-immunsystem\/","og_locale":"de_DE","og_type":"article","og_title":"VITAMIN D3 - ST\u00c4RKUNG DES IMMUNSYSTEMS OHNE SONNENEINSTRAHLUNG - SEN Shop","og_description":"A unique 'sunshine' vitamin that most people don\u2019t get enough of. In fact, it\u2019s estimated that more than 40% of European adults have a vitamin D deficiency.","og_url":"https:\/\/sen-shop.com\/de\/blogs\/vitamin-d-staerkt-ihr-immunsystem\/","og_site_name":"SEN Shop","article_publisher":"https:\/\/www.facebook.com\/Senshopslovenija","article_published_time":"2021-11-23T18:58:59+00:00","article_modified_time":"2021-11-23T19:30:21+00:00","og_image":[{"width":525,"height":337,"url":"https:\/\/sen-shop.com\/wp-content\/uploads\/2021\/10\/Vitamin-D.png","type":"image\/png"}],"author":"Tjasa_M","twitter_card":"summary_large_image","twitter_misc":{"Verfasst von":"Tjasa_M","Gesch\u00e4tzte Lesezeit":"2\u00a0Minuten"},"schema":{"@context":"https:\/\/schema.org","@graph":[{"@type":"Article","@id":"https:\/\/sen-shop.com\/de\/blogs\/vitamin-d-staerkt-ihr-immunsystem\/#article","isPartOf":{"@id":"https:\/\/sen-shop.com\/de\/blogs\/vitamin-d-staerkt-ihr-immunsystem\/"},"author":{"name":"Tjasa_M","@id":"https:\/\/sen-shop.com\/de\/#\/schema\/person\/5e0a20f87176f4b3e05f7a0d08adc112"},"headline":"VITAMIN D3 &#8211; ST\u00c4RKUNG DES IMMUNSYSTEMS OHNE SONNENEINSTRAHLUNG","datePublished":"2021-11-23T18:58:59+00:00","dateModified":"2021-11-23T19:30:21+00:00","mainEntityOfPage":{"@id":"https:\/\/sen-shop.com\/de\/blogs\/vitamin-d-staerkt-ihr-immunsystem\/"},"wordCount":435,"commentCount":0,"publisher":{"@id":"https:\/\/sen-shop.com\/de\/#organization"},"articleSection":["Nachrichten"],"inLanguage":"de","potentialAction":[{"@type":"CommentAction","name":"Comment","target":["https:\/\/sen-shop.com\/de\/blogs\/vitamin-d-staerkt-ihr-immunsystem\/#respond"]}]},{"@type":"WebPage","@id":"https:\/\/sen-shop.com\/de\/blogs\/vitamin-d-staerkt-ihr-immunsystem\/","url":"https:\/\/sen-shop.com\/de\/blogs\/vitamin-d-staerkt-ihr-immunsystem\/","name":"VITAMIN D3 - ST\u00c4RKUNG DES IMMUNSYSTEMS OHNE SONNENEINSTRAHLUNG - SEN Shop","isPartOf":{"@id":"https:\/\/sen-shop.com\/de\/#website"},"datePublished":"2021-11-23T18:58:59+00:00","dateModified":"2021-11-23T19:30:21+00:00","description":"A unique 'sunshine' vitamin that most people don\u2019t get enough of. In fact, it\u2019s estimated that more than 40% of European adults have a vitamin D deficiency.","breadcrumb":{"@id":"https:\/\/sen-shop.com\/de\/blogs\/vitamin-d-staerkt-ihr-immunsystem\/#breadcrumb"},"inLanguage":"de","potentialAction":[{"@type":"ReadAction","target":["https:\/\/sen-shop.com\/de\/blogs\/vitamin-d-staerkt-ihr-immunsystem\/"]}]},{"@type":"BreadcrumbList","@id":"https:\/\/sen-shop.com\/de\/blogs\/vitamin-d-staerkt-ihr-immunsystem\/#breadcrumb","itemListElement":[{"@type":"ListItem","position":1,"name":"Home","item":"https:\/\/sen-shop.com\/de\/"},{"@type":"ListItem","position":2,"name":"VITAMIN D3 &#8211; ST\u00c4RKUNG DES IMMUNSYSTEMS OHNE SONNENEINSTRAHLUNG"}]},{"@type":"WebSite","@id":"https:\/\/sen-shop.com\/de\/#website","url":"https:\/\/sen-shop.com\/de\/","name":"SEN Shop","description":"Slovensko, Ekolo\u0161ko, Naravno","publisher":{"@id":"https:\/\/sen-shop.com\/de\/#organization"},"potentialAction":[{"@type":"SearchAction","target":{"@type":"EntryPoint","urlTemplate":"https:\/\/sen-shop.com\/de\/?s={search_term_string}"},"query-input":"required name=search_term_string"}],"inLanguage":"de"},{"@type":"Organization","@id":"https:\/\/sen-shop.com\/de\/#organization","name":"Mind trade d.o.o","url":"https:\/\/sen-shop.com\/de\/","logo":{"@type":"ImageObject","inLanguage":"de","@id":"https:\/\/sen-shop.com\/de\/#\/schema\/logo\/image\/","url":"https:\/\/sen-shop.com\/wp-content\/uploads\/2018\/05\/header_logo.png","contentUrl":"https:\/\/sen-shop.com\/wp-content\/uploads\/2018\/05\/header_logo.png","width":138,"height":70,"caption":"Mind trade d.o.o"},"image":{"@id":"https:\/\/sen-shop.com\/de\/#\/schema\/logo\/image\/"},"sameAs":["https:\/\/www.instagram.com\/senslovenija\/","https:\/\/www.facebook.com\/Senshopslovenija"]},{"@type":"Person","@id":"https:\/\/sen-shop.com\/de\/#\/schema\/person\/5e0a20f87176f4b3e05f7a0d08adc112","name":"Tjasa_M","url":"https:\/\/sen-shop.com\/de\/blogs\/author\/mind\/"}]}},"_links":{"self":[{"href":"https:\/\/sen-shop.com\/de\/wp-json\/wp\/v2\/posts\/42689","targetHints":{"allow":["GET"]}}],"collection":[{"href":"https:\/\/sen-shop.com\/de\/wp-json\/wp\/v2\/posts"}],"about":[{"href":"https:\/\/sen-shop.com\/de\/wp-json\/wp\/v2\/types\/post"}],"author":[{"embeddable":true,"href":"https:\/\/sen-shop.com\/de\/wp-json\/wp\/v2\/users\/12"}],"replies":[{"embeddable":true,"href":"https:\/\/sen-shop.com\/de\/wp-json\/wp\/v2\/comments?post=42689"}],"version-history":[{"count":0,"href":"https:\/\/sen-shop.com\/de\/wp-json\/wp\/v2\/posts\/42689\/revisions"}],"wp:featuredmedia":[{"embeddable":true,"href":"https:\/\/sen-shop.com\/de\/wp-json\/wp\/v2\/media\/38593"}],"wp:attachment":[{"href":"https:\/\/sen-shop.com\/de\/wp-json\/wp\/v2\/media?parent=42689"}],"wp:term":[{"taxonomy":"category","embeddable":true,"href":"https:\/\/sen-shop.com\/de\/wp-json\/wp\/v2\/categories?post=42689"},{"taxonomy":"post_tag","embeddable":true,"href":"https:\/\/sen-shop.com\/de\/wp-json\/wp\/v2\/tags?post=42689"}],"curies":[{"name":"wp","href":"https:\/\/api.w.org\/{rel}","templated":true}]}}